{"id":68,"date":"2013-01-24T15:54:17","date_gmt":"2013-01-24T14:54:17","guid":{"rendered":"http:\/\/www.atelieramsa.com\/?p=68"},"modified":"2022-04-05T14:06:09","modified_gmt":"2022-04-05T13:06:09","slug":"sac-personnalise","status":"publish","type":"post","link":"https:\/\/www.atelieramsa.com\/blog\/sac-personnalise\/","title":{"rendered":"O\u00f9 acheter cabas tissu personnalis\u00e9, cadeau pas cher ?"},"content":{"rendered":"<p>Pourquoi ne pas cr\u00e9er et fabriquer soi m\u00eame son sac \u00e0 main ? C&rsquo;est une dr\u00f4le de question non? Pas du tout! C&rsquo;est tout \u00e0 fait r\u00e9alisable. Vous n&rsquo;osez pas? Vous craignez de voir le r\u00e9sultat? Mais vous voulez un sac \u00a0\u00e0 main pr\u00e9cis, avec une couleur pr\u00e9cise et des motifs pr\u00e9cis. Alors que faire? Et bien lancez-vous. Nous allons vous guider dans cette cr\u00e9ation \u00e9tonnante!<img loading=\"lazy\" class=\"alignleft size-full wp-image-393\" src=\"http:\/\/www.atelieramsa.com\/blog\/wp-content\/uploads\/2013\/01\/sac-coton-personnalise.jpg\" alt=\"\" width=\"640\" height=\"640\" srcset=\"https:\/\/www.atelieramsa.com\/blog\/wp-content\/uploads\/2013\/01\/sac-coton-personnalise.jpg 640w, https:\/\/www.atelieramsa.com\/blog\/wp-content\/uploads\/2013\/01\/sac-coton-personnalise-300x300.jpg 300w, https:\/\/www.atelieramsa.com\/blog\/wp-content\/uploads\/2013\/01\/sac-coton-personnalise-150x150.jpg 150w, https:\/\/www.atelieramsa.com\/blog\/wp-content\/uploads\/2013\/01\/sac-coton-personnalise-435x435.jpg 435w, https:\/\/www.atelieramsa.com\/blog\/wp-content\/uploads\/2013\/01\/sac-coton-personnalise-60x60.jpg 60w\" sizes=\"(max-width: 640px) 100vw, 640px\" \/><\/p>\n<h2>Sac cabas tissu personnalisable<\/h2>\n<p><strong>Tout d&rsquo;abord, \u00e9quipez-vous: la colle:<\/strong> choisissez de la colle vinylique. Elle n&rsquo;est pas toxique et surtout elle s&rsquo;\u00e9talera facilement avec un vieux pinceau, \u00e0 nettoyer apr\u00e8s usage sinon inutilisable! Pour le choix du tissu, c&rsquo;est \u00e0 vous de voir: \u00e9pais, fin, coton, tulle ou laine.C&rsquo;est \u00e0 vous de voir!<!--more--><\/p>\n<h2>Sac \u00e0 dos tissu personnalisable<\/h2>\n<p><strong>Pourquoi pas r\u00e9utiliser de vieux jeans?<\/strong> Certaines cr\u00e9atrices ont fabriqu\u00e9 des sacs avec deux vieux sets de tables! Pour cr\u00e9er, il faut toujours de vieux chiffons chez vous. Pour le fil, celles d&rsquo;entre vous qui aiment les coutures visibles peuvent prendre du fil plus \u00e9pais, en nylon ou des lacets. Munissez-vous d&rsquo;une bonne paire de ciseaux. Puis soit vous avez une forme d\u00e9j\u00e0 toute pr\u00eate et vous devez faire les bords. Vous pouvez utiliser le fil et l&rsquo;aiguille ou la machine \u00e0 coudre. Soit vous avez deux morceaux de tissus \u00e0 assembler et la machine \u00e0 coudre sera plus appropri\u00e9e. <strong>La bandouli\u00e8re est simple \u00e0 ins\u00e9rer.<\/strong> Une corde, un gros ruban: vous avez largement le choix. Vous faites deux trous \u00e0 l&#8217;emplacement des deux bouts de la bandouli\u00e8re et passez \u00e0 la couture \u00e0 nouveau. A vous de d\u00e9cider si vous voulez une bandouli\u00e8re int\u00e9rieure ou ext\u00e9rieure. Puis, accessoirisez, accessoirisez et surtout accessoirisez! Des n\u0153uds, des perles, des strass, des plumes ou des motifs \u00e0 coller: l\u00e2chez-<br \/>\nvous!<\/p>\n<h2>Sac personnalis\u00e9 cadeau pas cher<\/h2>\n<p>Vous voyez, ce n&rsquo;est pas tr\u00e8s difficile. Le mieux est bien \u00e9videmment de dessiner le patron de votre futur sac \u00e0 main. Si vous n&rsquo;avez pas d&rsquo;id\u00e9es, surfez sur le net dans cette <strong>boutique de sac artisanaux<\/strong> et vous en trouverez!<\/p>\n","protected":false},"excerpt":{"rendered":"<p>Pourquoi ne pas cr\u00e9er et fabriquer soi m\u00eame son sac \u00e0 main ? C&rsquo;est une dr\u00f4le de question non? Pas du tout! C&rsquo;est tout \u00e0 fait r\u00e9alisable. Vous n&rsquo;osez pas? Vous craignez de voir le r\u00e9sultat? Mais vous voulez un sac \u00a0\u00e0 main pr\u00e9cis, avec une couleur pr\u00e9cise et des motifs pr\u00e9cis. Alors que faire? &hellip; <\/p>\n","protected":false},"author":2,"featured_media":393,"comment_status":"open","ping_status":"open","sticky":false,"template":"","format":"standard","meta":[],"categories":[11],"tags":[],"yoast_head":"<!-- This site is optimized with the Yoast SEO plugin v18.1 - https:\/\/yoast.com\/wordpress\/plugins\/seo\/ -->\n<title>O\u00f9 acheter cabas tissu personnalis\u00e9, cadeau pas cher ?<\/title>\n<meta name=\"description\" content=\"Acheter sac pas cher personnalis\u00e9 et personnalisable, une id\u00e9e cadeau sac \u00e0 main en tissu pas cher, sac \u00e0 dos ou sac en toile \u00e0 imprimer.\" \/>\n<meta name=\"robots\" content=\"index, follow, max-snippet:-1, max-image-preview:large, max-video-preview:-1\" \/>\n<link rel=\"canonical\" href=\"https:\/\/www.atelieramsa.com\/blog\/sac-personnalise\/\" \/>\n<meta property=\"og:locale\" content=\"fr_FR\" \/>\n<meta property=\"og:type\" content=\"article\" \/>\n<meta property=\"og:title\" content=\"O\u00f9 acheter cabas tissu personnalis\u00e9, cadeau pas cher ?\" \/>\n<meta property=\"og:description\" content=\"Acheter sac pas cher personnalis\u00e9 et personnalisable, une id\u00e9e cadeau sac \u00e0 main en tissu pas cher, sac \u00e0 dos ou sac en toile \u00e0 imprimer.\" \/>\n<meta property=\"og:url\" content=\"https:\/\/www.atelieramsa.com\/blog\/sac-personnalise\/\" \/>\n<meta property=\"og:site_name\" content=\"Atelier d&#039;Amsa :Webzine actualit\u00e9, informations et tendance du web\" \/>\n<meta property=\"article:published_time\" content=\"2013-01-24T14:54:17+00:00\" \/>\n<meta property=\"article:modified_time\" content=\"2022-04-05T13:06:09+00:00\" \/>\n<meta property=\"og:image\" content=\"https:\/\/www.atelieramsa.com\/blog\/wp-content\/uploads\/2013\/01\/sac-coton-personnalise.jpg\" \/>\n\t<meta property=\"og:image:width\" content=\"640\" \/>\n\t<meta property=\"og:image:height\" content=\"640\" \/>\n\t<meta property=\"og:image:type\" content=\"image\/jpeg\" \/>\n<meta name=\"twitter:label1\" content=\"\u00c9crit par\" \/>\n\t<meta name=\"twitter:data1\" content=\"Atelier Amsa\" \/>\n\t<meta name=\"twitter:label2\" content=\"Dur\u00e9e de lecture estim\u00e9e\" \/>\n\t<meta name=\"twitter:data2\" content=\"2 minutes\" \/>\n<script type=\"application\/ld+json\" class=\"yoast-schema-graph\">{\"@context\":\"https:\/\/schema.org\",\"@graph\":[{\"@type\":\"WebSite\",\"@id\":\"http:\/\/www.atelieramsa.com\/blog\/#website\",\"url\":\"http:\/\/www.atelieramsa.com\/blog\/\",\"name\":\"Atelier d&#039;Amsa :Webzine actualit\u00e9, informations et tendance du web\",\"description\":\"Blog consommation, actualit\u00e9, lifestyle, d\u00e9coration, loisir et shopping en ligne\",\"potentialAction\":[{\"@type\":\"SearchAction\",\"target\":{\"@type\":\"EntryPoint\",\"urlTemplate\":\"http:\/\/www.atelieramsa.com\/blog\/?s={search_term_string}\"},\"query-input\":\"required name=search_term_string\"}],\"inLanguage\":\"fr-FR\"},{\"@type\":\"ImageObject\",\"@id\":\"https:\/\/www.atelieramsa.com\/blog\/sac-personnalise\/#primaryimage\",\"inLanguage\":\"fr-FR\",\"url\":\"https:\/\/www.atelieramsa.com\/blog\/wp-content\/uploads\/2013\/01\/sac-coton-personnalise.jpg\",\"contentUrl\":\"https:\/\/www.atelieramsa.com\/blog\/wp-content\/uploads\/2013\/01\/sac-coton-personnalise.jpg\",\"width\":640,\"height\":640},{\"@type\":\"WebPage\",\"@id\":\"https:\/\/www.atelieramsa.com\/blog\/sac-personnalise\/#webpage\",\"url\":\"https:\/\/www.atelieramsa.com\/blog\/sac-personnalise\/\",\"name\":\"O\u00f9 acheter cabas tissu personnalis\u00e9, cadeau pas cher ?\",\"isPartOf\":{\"@id\":\"http:\/\/www.atelieramsa.com\/blog\/#website\"},\"primaryImageOfPage\":{\"@id\":\"https:\/\/www.atelieramsa.com\/blog\/sac-personnalise\/#primaryimage\"},\"datePublished\":\"2013-01-24T14:54:17+00:00\",\"dateModified\":\"2022-04-05T13:06:09+00:00\",\"author\":{\"@id\":\"http:\/\/www.atelieramsa.com\/blog\/#\/schema\/person\/c80eeba14295eaf79feb65ca5e16dfcd\"},\"description\":\"Acheter sac pas cher personnalis\u00e9 et personnalisable, une id\u00e9e cadeau sac \u00e0 main en tissu pas cher, sac \u00e0 dos ou sac en toile \u00e0 imprimer.\",\"breadcrumb\":{\"@id\":\"https:\/\/www.atelieramsa.com\/blog\/sac-personnalise\/#breadcrumb\"},\"inLanguage\":\"fr-FR\",\"potentialAction\":[{\"@type\":\"ReadAction\",\"target\":[\"https:\/\/www.atelieramsa.com\/blog\/sac-personnalise\/\"]}]},{\"@type\":\"BreadcrumbList\",\"@id\":\"https:\/\/www.atelieramsa.com\/blog\/sac-personnalise\/#breadcrumb\",\"itemListElement\":[{\"@type\":\"ListItem\",\"position\":1,\"name\":\"O\u00f9 acheter cabas tissu personnalis\u00e9, cadeau pas cher ?\"}]},{\"@type\":\"Person\",\"@id\":\"http:\/\/www.atelieramsa.com\/blog\/#\/schema\/person\/c80eeba14295eaf79feb65ca5e16dfcd\",\"name\":\"Atelier Amsa\",\"image\":{\"@type\":\"ImageObject\",\"@id\":\"http:\/\/www.atelieramsa.com\/blog\/#personlogo\",\"inLanguage\":\"fr-FR\",\"url\":\"https:\/\/secure.gravatar.com\/avatar\/f2068ff55a045763dea8f3ba797c9234?s=96&d=mm&r=g\",\"contentUrl\":\"https:\/\/secure.gravatar.com\/avatar\/f2068ff55a045763dea8f3ba797c9234?s=96&d=mm&r=g\",\"caption\":\"Atelier Amsa\"},\"url\":\"https:\/\/www.atelieramsa.com\/blog\/author\/admin\/\"}]}<\/script>\n<!-- \/ Yoast SEO plugin. -->","yoast_head_json":{"title":"O\u00f9 acheter cabas tissu personnalis\u00e9, cadeau pas cher ?","description":"Acheter sac pas cher personnalis\u00e9 et personnalisable, une id\u00e9e cadeau sac \u00e0 main en tissu pas cher, sac \u00e0 dos ou sac en toile \u00e0 imprimer.","robots":{"index":"index","follow":"follow","max-snippet":"max-snippet:-1","max-image-preview":"max-image-preview:large","max-video-preview":"max-video-preview:-1"},"canonical":"https:\/\/www.atelieramsa.com\/blog\/sac-personnalise\/","og_locale":"fr_FR","og_type":"article","og_title":"O\u00f9 acheter cabas tissu personnalis\u00e9, cadeau pas cher ?","og_description":"Acheter sac pas cher personnalis\u00e9 et personnalisable, une id\u00e9e cadeau sac \u00e0 main en tissu pas cher, sac \u00e0 dos ou sac en toile \u00e0 imprimer.","og_url":"https:\/\/www.atelieramsa.com\/blog\/sac-personnalise\/","og_site_name":"Atelier d&#039;Amsa :Webzine actualit\u00e9, informations et tendance du web","article_published_time":"2013-01-24T14:54:17+00:00","article_modified_time":"2022-04-05T13:06:09+00:00","og_image":[{"width":640,"height":640,"url":"https:\/\/www.atelieramsa.com\/blog\/wp-content\/uploads\/2013\/01\/sac-coton-personnalise.jpg","type":"image\/jpeg"}],"twitter_misc":{"\u00c9crit par":"Atelier Amsa","Dur\u00e9e de lecture estim\u00e9e":"2 minutes"},"schema":{"@context":"https:\/\/schema.org","@graph":[{"@type":"WebSite","@id":"http:\/\/www.atelieramsa.com\/blog\/#website","url":"http:\/\/www.atelieramsa.com\/blog\/","name":"Atelier d&#039;Amsa :Webzine actualit\u00e9, informations et tendance du web","description":"Blog consommation, actualit\u00e9, lifestyle, d\u00e9coration, loisir et shopping en ligne","potentialAction":[{"@type":"SearchAction","target":{"@type":"EntryPoint","urlTemplate":"http:\/\/www.atelieramsa.com\/blog\/?s={search_term_string}"},"query-input":"required name=search_term_string"}],"inLanguage":"fr-FR"},{"@type":"ImageObject","@id":"https:\/\/www.atelieramsa.com\/blog\/sac-personnalise\/#primaryimage","inLanguage":"fr-FR","url":"https:\/\/www.atelieramsa.com\/blog\/wp-content\/uploads\/2013\/01\/sac-coton-personnalise.jpg","contentUrl":"https:\/\/www.atelieramsa.com\/blog\/wp-content\/uploads\/2013\/01\/sac-coton-personnalise.jpg","width":640,"height":640},{"@type":"WebPage","@id":"https:\/\/www.atelieramsa.com\/blog\/sac-personnalise\/#webpage","url":"https:\/\/www.atelieramsa.com\/blog\/sac-personnalise\/","name":"O\u00f9 acheter cabas tissu personnalis\u00e9, cadeau pas cher ?","isPartOf":{"@id":"http:\/\/www.atelieramsa.com\/blog\/#website"},"primaryImageOfPage":{"@id":"https:\/\/www.atelieramsa.com\/blog\/sac-personnalise\/#primaryimage"},"datePublished":"2013-01-24T14:54:17+00:00","dateModified":"2022-04-05T13:06:09+00:00","author":{"@id":"http:\/\/www.atelieramsa.com\/blog\/#\/schema\/person\/c80eeba14295eaf79feb65ca5e16dfcd"},"description":"Acheter sac pas cher personnalis\u00e9 et personnalisable, une id\u00e9e cadeau sac \u00e0 main en tissu pas cher, sac \u00e0 dos ou sac en toile \u00e0 imprimer.","breadcrumb":{"@id":"https:\/\/www.atelieramsa.com\/blog\/sac-personnalise\/#breadcrumb"},"inLanguage":"fr-FR","potentialAction":[{"@type":"ReadAction","target":["https:\/\/www.atelieramsa.com\/blog\/sac-personnalise\/"]}]},{"@type":"BreadcrumbList","@id":"https:\/\/www.atelieramsa.com\/blog\/sac-personnalise\/#breadcrumb","itemListElement":[{"@type":"ListItem","position":1,"name":"O\u00f9 acheter cabas tissu personnalis\u00e9, cadeau pas cher ?"}]},{"@type":"Person","@id":"http:\/\/www.atelieramsa.com\/blog\/#\/schema\/person\/c80eeba14295eaf79feb65ca5e16dfcd","name":"Atelier Amsa","image":{"@type":"ImageObject","@id":"http:\/\/www.atelieramsa.com\/blog\/#personlogo","inLanguage":"fr-FR","url":"https:\/\/secure.gravatar.com\/avatar\/f2068ff55a045763dea8f3ba797c9234?s=96&d=mm&r=g","contentUrl":"https:\/\/secure.gravatar.com\/avatar\/f2068ff55a045763dea8f3ba797c9234?s=96&d=mm&r=g","caption":"Atelier Amsa"},"url":"https:\/\/www.atelieramsa.com\/blog\/author\/admin\/"}]}},"_links":{"self":[{"href":"https:\/\/www.atelieramsa.com\/blog\/wp-json\/wp\/v2\/posts\/68"}],"collection":[{"href":"https:\/\/www.atelieramsa.com\/blog\/wp-json\/wp\/v2\/posts"}],"about":[{"href":"https:\/\/www.atelieramsa.com\/blog\/wp-json\/wp\/v2\/types\/post"}],"author":[{"embeddable":true,"href":"https:\/\/www.atelieramsa.com\/blog\/wp-json\/wp\/v2\/users\/2"}],"replies":[{"embeddable":true,"href":"https:\/\/www.atelieramsa.com\/blog\/wp-json\/wp\/v2\/comments?post=68"}],"version-history":[{"count":6,"href":"https:\/\/www.atelieramsa.com\/blog\/wp-json\/wp\/v2\/posts\/68\/revisions"}],"predecessor-version":[{"id":256,"href":"https:\/\/www.atelieramsa.com\/blog\/wp-json\/wp\/v2\/posts\/68\/revisions\/256"}],"wp:featuredmedia":[{"embeddable":true,"href":"https:\/\/www.atelieramsa.com\/blog\/wp-json\/wp\/v2\/media\/393"}],"wp:attachment":[{"href":"https:\/\/www.atelieramsa.com\/blog\/wp-json\/wp\/v2\/media?parent=68"}],"wp:term":[{"taxonomy":"category","embeddable":true,"href":"https:\/\/www.atelieramsa.com\/blog\/wp-json\/wp\/v2\/categories?post=68"},{"taxonomy":"post_tag","embeddable":true,"href":"https:\/\/www.atelieramsa.com\/blog\/wp-json\/wp\/v2\/tags?post=68"}],"curies":[{"name":"wp","href":"https:\/\/api.w.org\/{rel}","templated":true}]}}