{"id":470,"date":"2022-05-30T09:35:52","date_gmt":"2022-05-30T08:35:52","guid":{"rendered":"https:\/\/www.atelieramsa.com\/blog\/?p=470"},"modified":"2022-05-31T19:45:33","modified_gmt":"2022-05-31T18:45:33","slug":"cadre-photo-personnalise-grave","status":"publish","type":"post","link":"https:\/\/www.atelieramsa.com\/blog\/cadre-photo-personnalise-grave\/","title":{"rendered":"Cadre photo grav\u00e9, une excellente id\u00e9e de cadeau personnalis\u00e9 !"},"content":{"rendered":"<p>Besoin d&rsquo;une id\u00e9e cadeau personnalis\u00e9 originale ? Pourquoi ne pas penser au <strong>cadre photo personnalis\u00e9 grav\u00e9 <\/strong>? Effectivement, il n&rsquo;y a rien de mieux que de recevoir une photo de nos bien aim\u00e9s habill\u00e9e d&rsquo;un magnifique cadre grav\u00e9. D\u00e9couvrons !<img loading=\"lazy\" class=\"aligncenter size-full wp-image-471\" src=\"http:\/\/www.atelieramsa.com\/blog\/wp-content\/uploads\/2022\/05\/cadre-photo-personnalise-grave.jpg\" alt=\"\" width=\"640\" height=\"427\" srcset=\"https:\/\/www.atelieramsa.com\/blog\/wp-content\/uploads\/2022\/05\/cadre-photo-personnalise-grave.jpg 640w, https:\/\/www.atelieramsa.com\/blog\/wp-content\/uploads\/2022\/05\/cadre-photo-personnalise-grave-300x200.jpg 300w, https:\/\/www.atelieramsa.com\/blog\/wp-content\/uploads\/2022\/05\/cadre-photo-personnalise-grave-450x300.jpg 450w, https:\/\/www.atelieramsa.com\/blog\/wp-content\/uploads\/2022\/05\/cadre-photo-personnalise-grave-90x60.jpg 90w\" sizes=\"(max-width: 640px) 100vw, 640px\" \/><\/p>\n<h2>Cadre photo personnalis\u00e9 et grav\u00e9<\/h2>\n<p>Le <strong>cadre photo personnalis\u00e9 et grav\u00e9<\/strong> est l&rsquo;une des id\u00e9es cadeaux les plus pris\u00e9es.<!--more--> C&rsquo;est une fa\u00e7on simple et efficace pour faire plaisir \u00e0 ceux que nous aimons.<\/p>\n<p>Aujourd&rsquo;hui, il est possible de choisir la mati\u00e8re de votre cadre, sa couleur, sa forme, sa taille et le texte rajout\u00e9. Bien \u00e9videmment, vous aurez aussi \u00e0 choisir, la meilleure photo \u00e0 utiliser.<\/p>\n<p>Pour rendre votre cadeau encore plus beau et encore plus original, vous pouvez personnaliser votre message :<\/p>\n<ul>\n<li>Nom et pr\u00e9nom ;<\/li>\n<li>Date d&rsquo;anniversaire ;<\/li>\n<li>Date de l&rsquo;\u00e9v\u00e8nement ;<\/li>\n<li>Un petit message d&rsquo;amour &#8230;.<\/li>\n<\/ul>\n<p>Eh oui, il y a plein de moments de notre vie qu&rsquo;on ne veut pas oublier ! On cherche \u00e0 les graver \u00e0 tout jamais dans notre m\u00e9moire. Le cadre photo personnalis\u00e9 vous aidera \u00e0 les immortaliser :<\/p>\n<ul>\n<li>Anniversaire ;<\/li>\n<li>Naissance ;<\/li>\n<li>Mariage ;<\/li>\n<li>Saint-valentin ;<\/li>\n<li>Anniversaire de rencontre ;<\/li>\n<li>Premi\u00e8re rencontre &#8230;<\/li>\n<\/ul>\n<p>Plusieurs choix s&rsquo;offrent \u00e0 vous pour<strong> personnaliser votre cadre photo<\/strong> : cadre en bois, cadre en m\u00e9tal, cadre argent\u00e9, cadre transparent&#8230; Vous pouvez m\u00eame mixer les couleurs, les mati\u00e8res, les d\u00e9corations, les motifs etc.<\/p>\n<p>Cette grande diversit\u00e9 vous permet de laisser libre cours \u00e0 votre imagination pour r\u00e9aliser<strong> le meilleure cadre photo personnalis\u00e9 et grav\u00e9<\/strong> qui mettra en avant, les meilleurs moments de votre vie.<\/p>\n<p>Ce type de cadeau peut \u00eatre parfait pour une pendaison de cr\u00e9maill\u00e8re. D&rsquo;ailleurs, un cadre de photo chic et sobre, peut facilement s&rsquo;int\u00e9grer avec n&rsquo;importe quel type de d\u00e9coration int\u00e9rieure. Personne ne pourra r\u00e9sister \u00e0 ce type de cadeau affectif et intemporel !<\/p>\n","protected":false},"excerpt":{"rendered":"<p>Besoin d&rsquo;une id\u00e9e cadeau personnalis\u00e9 originale ? Pourquoi ne pas penser au cadre photo personnalis\u00e9 grav\u00e9 ? Effectivement, il n&rsquo;y a rien de mieux que de recevoir une photo de nos bien aim\u00e9s habill\u00e9e d&rsquo;un magnifique cadre grav\u00e9. D\u00e9couvrons ! Cadre photo personnalis\u00e9 et grav\u00e9 Le cadre photo personnalis\u00e9 et grav\u00e9 est l&rsquo;une des id\u00e9es &hellip; <\/p>\n","protected":false},"author":2,"featured_media":471,"comment_status":"open","ping_status":"open","sticky":false,"template":"","format":"standard","meta":[],"categories":[11],"tags":[],"yoast_head":"<!-- This site is optimized with the Yoast SEO plugin v18.1 - https:\/\/yoast.com\/wordpress\/plugins\/seo\/ -->\n<title>Cadre photo personnalis\u00e9 grav\u00e9 : cadeau original !<\/title>\n<meta name=\"description\" content=\"O\u00f9 acheter un cadre photo personnalis\u00e9 grav\u00e9. Une id\u00e9e de cadeau orignal achat d&#039;un cadre pour photo pas cher personnalisable.\" \/>\n<meta name=\"robots\" content=\"index, follow, max-snippet:-1, max-image-preview:large, max-video-preview:-1\" \/>\n<link rel=\"canonical\" href=\"http:\/\/www.atelieramsa.com\/blog\/cadre-photo-personnalise-grave\/\" \/>\n<meta property=\"og:locale\" content=\"fr_FR\" \/>\n<meta property=\"og:type\" content=\"article\" \/>\n<meta property=\"og:title\" content=\"Cadre photo personnalis\u00e9 grav\u00e9 : cadeau original !\" \/>\n<meta property=\"og:description\" content=\"O\u00f9 acheter un cadre photo personnalis\u00e9 grav\u00e9. Une id\u00e9e de cadeau orignal achat d&#039;un cadre pour photo pas cher personnalisable.\" \/>\n<meta property=\"og:url\" content=\"http:\/\/www.atelieramsa.com\/blog\/cadre-photo-personnalise-grave\/\" \/>\n<meta property=\"og:site_name\" content=\"Atelier d&#039;Amsa :Webzine actualit\u00e9, informations et tendance du web\" \/>\n<meta property=\"article:published_time\" content=\"2022-05-30T08:35:52+00:00\" \/>\n<meta property=\"article:modified_time\" content=\"2022-05-31T18:45:33+00:00\" \/>\n<meta property=\"og:image\" content=\"http:\/\/www.atelieramsa.com\/blog\/wp-content\/uploads\/2022\/05\/cadre-photo-personnalise-grave.jpg\" \/>\n\t<meta property=\"og:image:width\" content=\"640\" \/>\n\t<meta property=\"og:image:height\" content=\"427\" \/>\n\t<meta property=\"og:image:type\" content=\"image\/jpeg\" \/>\n<meta name=\"twitter:label1\" content=\"\u00c9crit par\" \/>\n\t<meta name=\"twitter:data1\" content=\"Atelier Amsa\" \/>\n\t<meta name=\"twitter:label2\" content=\"Dur\u00e9e de lecture estim\u00e9e\" \/>\n\t<meta name=\"twitter:data2\" content=\"2 minutes\" \/>\n<script type=\"application\/ld+json\" class=\"yoast-schema-graph\">{\"@context\":\"https:\/\/schema.org\",\"@graph\":[{\"@type\":\"WebSite\",\"@id\":\"https:\/\/www.atelieramsa.com\/blog\/#website\",\"url\":\"https:\/\/www.atelieramsa.com\/blog\/\",\"name\":\"Atelier d&#039;Amsa :Webzine actualit\u00e9, informations et tendance du web\",\"description\":\"Blog consommation, actualit\u00e9, lifestyle, d\u00e9coration, loisir et shopping en ligne\",\"potentialAction\":[{\"@type\":\"SearchAction\",\"target\":{\"@type\":\"EntryPoint\",\"urlTemplate\":\"https:\/\/www.atelieramsa.com\/blog\/?s={search_term_string}\"},\"query-input\":\"required name=search_term_string\"}],\"inLanguage\":\"fr-FR\"},{\"@type\":\"ImageObject\",\"@id\":\"http:\/\/www.atelieramsa.com\/blog\/cadre-photo-personnalise-grave\/#primaryimage\",\"inLanguage\":\"fr-FR\",\"url\":\"https:\/\/www.atelieramsa.com\/blog\/wp-content\/uploads\/2022\/05\/cadre-photo-personnalise-grave.jpg\",\"contentUrl\":\"https:\/\/www.atelieramsa.com\/blog\/wp-content\/uploads\/2022\/05\/cadre-photo-personnalise-grave.jpg\",\"width\":640,\"height\":427},{\"@type\":\"WebPage\",\"@id\":\"http:\/\/www.atelieramsa.com\/blog\/cadre-photo-personnalise-grave\/#webpage\",\"url\":\"http:\/\/www.atelieramsa.com\/blog\/cadre-photo-personnalise-grave\/\",\"name\":\"Cadre photo personnalis\u00e9 grav\u00e9 : cadeau original !\",\"isPartOf\":{\"@id\":\"https:\/\/www.atelieramsa.com\/blog\/#website\"},\"primaryImageOfPage\":{\"@id\":\"http:\/\/www.atelieramsa.com\/blog\/cadre-photo-personnalise-grave\/#primaryimage\"},\"datePublished\":\"2022-05-30T08:35:52+00:00\",\"dateModified\":\"2022-05-31T18:45:33+00:00\",\"author\":{\"@id\":\"https:\/\/www.atelieramsa.com\/blog\/#\/schema\/person\/c80eeba14295eaf79feb65ca5e16dfcd\"},\"description\":\"O\u00f9 acheter un cadre photo personnalis\u00e9 grav\u00e9. Une id\u00e9e de cadeau orignal achat d'un cadre pour photo pas cher personnalisable.\",\"breadcrumb\":{\"@id\":\"http:\/\/www.atelieramsa.com\/blog\/cadre-photo-personnalise-grave\/#breadcrumb\"},\"inLanguage\":\"fr-FR\",\"potentialAction\":[{\"@type\":\"ReadAction\",\"target\":[\"http:\/\/www.atelieramsa.com\/blog\/cadre-photo-personnalise-grave\/\"]}]},{\"@type\":\"BreadcrumbList\",\"@id\":\"http:\/\/www.atelieramsa.com\/blog\/cadre-photo-personnalise-grave\/#breadcrumb\",\"itemListElement\":[{\"@type\":\"ListItem\",\"position\":1,\"name\":\"Cadre photo grav\u00e9, une excellente id\u00e9e de cadeau personnalis\u00e9 !\"}]},{\"@type\":\"Person\",\"@id\":\"https:\/\/www.atelieramsa.com\/blog\/#\/schema\/person\/c80eeba14295eaf79feb65ca5e16dfcd\",\"name\":\"Atelier Amsa\",\"image\":{\"@type\":\"ImageObject\",\"@id\":\"https:\/\/www.atelieramsa.com\/blog\/#personlogo\",\"inLanguage\":\"fr-FR\",\"url\":\"https:\/\/secure.gravatar.com\/avatar\/f2068ff55a045763dea8f3ba797c9234?s=96&d=mm&r=g\",\"contentUrl\":\"https:\/\/secure.gravatar.com\/avatar\/f2068ff55a045763dea8f3ba797c9234?s=96&d=mm&r=g\",\"caption\":\"Atelier Amsa\"},\"url\":\"https:\/\/www.atelieramsa.com\/blog\/author\/admin\/\"}]}<\/script>\n<!-- \/ Yoast SEO plugin. -->","yoast_head_json":{"title":"Cadre photo personnalis\u00e9 grav\u00e9 : cadeau original !","description":"O\u00f9 acheter un cadre photo personnalis\u00e9 grav\u00e9. Une id\u00e9e de cadeau orignal achat d'un cadre pour photo pas cher personnalisable.","robots":{"index":"index","follow":"follow","max-snippet":"max-snippet:-1","max-image-preview":"max-image-preview:large","max-video-preview":"max-video-preview:-1"},"canonical":"http:\/\/www.atelieramsa.com\/blog\/cadre-photo-personnalise-grave\/","og_locale":"fr_FR","og_type":"article","og_title":"Cadre photo personnalis\u00e9 grav\u00e9 : cadeau original !","og_description":"O\u00f9 acheter un cadre photo personnalis\u00e9 grav\u00e9. Une id\u00e9e de cadeau orignal achat d'un cadre pour photo pas cher personnalisable.","og_url":"http:\/\/www.atelieramsa.com\/blog\/cadre-photo-personnalise-grave\/","og_site_name":"Atelier d&#039;Amsa :Webzine actualit\u00e9, informations et tendance du web","article_published_time":"2022-05-30T08:35:52+00:00","article_modified_time":"2022-05-31T18:45:33+00:00","og_image":[{"width":640,"height":427,"url":"http:\/\/www.atelieramsa.com\/blog\/wp-content\/uploads\/2022\/05\/cadre-photo-personnalise-grave.jpg","type":"image\/jpeg"}],"twitter_misc":{"\u00c9crit par":"Atelier Amsa","Dur\u00e9e de lecture estim\u00e9e":"2 minutes"},"schema":{"@context":"https:\/\/schema.org","@graph":[{"@type":"WebSite","@id":"https:\/\/www.atelieramsa.com\/blog\/#website","url":"https:\/\/www.atelieramsa.com\/blog\/","name":"Atelier d&#039;Amsa :Webzine actualit\u00e9, informations et tendance du web","description":"Blog consommation, actualit\u00e9, lifestyle, d\u00e9coration, loisir et shopping en ligne","potentialAction":[{"@type":"SearchAction","target":{"@type":"EntryPoint","urlTemplate":"https:\/\/www.atelieramsa.com\/blog\/?s={search_term_string}"},"query-input":"required name=search_term_string"}],"inLanguage":"fr-FR"},{"@type":"ImageObject","@id":"http:\/\/www.atelieramsa.com\/blog\/cadre-photo-personnalise-grave\/#primaryimage","inLanguage":"fr-FR","url":"https:\/\/www.atelieramsa.com\/blog\/wp-content\/uploads\/2022\/05\/cadre-photo-personnalise-grave.jpg","contentUrl":"https:\/\/www.atelieramsa.com\/blog\/wp-content\/uploads\/2022\/05\/cadre-photo-personnalise-grave.jpg","width":640,"height":427},{"@type":"WebPage","@id":"http:\/\/www.atelieramsa.com\/blog\/cadre-photo-personnalise-grave\/#webpage","url":"http:\/\/www.atelieramsa.com\/blog\/cadre-photo-personnalise-grave\/","name":"Cadre photo personnalis\u00e9 grav\u00e9 : cadeau original !","isPartOf":{"@id":"https:\/\/www.atelieramsa.com\/blog\/#website"},"primaryImageOfPage":{"@id":"http:\/\/www.atelieramsa.com\/blog\/cadre-photo-personnalise-grave\/#primaryimage"},"datePublished":"2022-05-30T08:35:52+00:00","dateModified":"2022-05-31T18:45:33+00:00","author":{"@id":"https:\/\/www.atelieramsa.com\/blog\/#\/schema\/person\/c80eeba14295eaf79feb65ca5e16dfcd"},"description":"O\u00f9 acheter un cadre photo personnalis\u00e9 grav\u00e9. Une id\u00e9e de cadeau orignal achat d'un cadre pour photo pas cher personnalisable.","breadcrumb":{"@id":"http:\/\/www.atelieramsa.com\/blog\/cadre-photo-personnalise-grave\/#breadcrumb"},"inLanguage":"fr-FR","potentialAction":[{"@type":"ReadAction","target":["http:\/\/www.atelieramsa.com\/blog\/cadre-photo-personnalise-grave\/"]}]},{"@type":"BreadcrumbList","@id":"http:\/\/www.atelieramsa.com\/blog\/cadre-photo-personnalise-grave\/#breadcrumb","itemListElement":[{"@type":"ListItem","position":1,"name":"Cadre photo grav\u00e9, une excellente id\u00e9e de cadeau personnalis\u00e9 !"}]},{"@type":"Person","@id":"https:\/\/www.atelieramsa.com\/blog\/#\/schema\/person\/c80eeba14295eaf79feb65ca5e16dfcd","name":"Atelier Amsa","image":{"@type":"ImageObject","@id":"https:\/\/www.atelieramsa.com\/blog\/#personlogo","inLanguage":"fr-FR","url":"https:\/\/secure.gravatar.com\/avatar\/f2068ff55a045763dea8f3ba797c9234?s=96&d=mm&r=g","contentUrl":"https:\/\/secure.gravatar.com\/avatar\/f2068ff55a045763dea8f3ba797c9234?s=96&d=mm&r=g","caption":"Atelier Amsa"},"url":"https:\/\/www.atelieramsa.com\/blog\/author\/admin\/"}]}},"_links":{"self":[{"href":"https:\/\/www.atelieramsa.com\/blog\/wp-json\/wp\/v2\/posts\/470"}],"collection":[{"href":"https:\/\/www.atelieramsa.com\/blog\/wp-json\/wp\/v2\/posts"}],"about":[{"href":"https:\/\/www.atelieramsa.com\/blog\/wp-json\/wp\/v2\/types\/post"}],"author":[{"embeddable":true,"href":"https:\/\/www.atelieramsa.com\/blog\/wp-json\/wp\/v2\/users\/2"}],"replies":[{"embeddable":true,"href":"https:\/\/www.atelieramsa.com\/blog\/wp-json\/wp\/v2\/comments?post=470"}],"version-history":[{"count":1,"href":"https:\/\/www.atelieramsa.com\/blog\/wp-json\/wp\/v2\/posts\/470\/revisions"}],"predecessor-version":[{"id":472,"href":"https:\/\/www.atelieramsa.com\/blog\/wp-json\/wp\/v2\/posts\/470\/revisions\/472"}],"wp:featuredmedia":[{"embeddable":true,"href":"https:\/\/www.atelieramsa.com\/blog\/wp-json\/wp\/v2\/media\/471"}],"wp:attachment":[{"href":"https:\/\/www.atelieramsa.com\/blog\/wp-json\/wp\/v2\/media?parent=470"}],"wp:term":[{"taxonomy":"category","embeddable":true,"href":"https:\/\/www.atelieramsa.com\/blog\/wp-json\/wp\/v2\/categories?post=470"},{"taxonomy":"post_tag","embeddable":true,"href":"https:\/\/www.atelieramsa.com\/blog\/wp-json\/wp\/v2\/tags?post=470"}],"curies":[{"name":"wp","href":"https:\/\/api.w.org\/{rel}","templated":true}]}}