{"id":266,"date":"2022-01-11T22:17:17","date_gmt":"2022-01-11T21:17:17","guid":{"rendered":"http:\/\/www.atelieramsa.com\/blog\/?p=266"},"modified":"2022-03-07T22:29:25","modified_gmt":"2022-03-07T21:29:25","slug":"vaisselle-professionnelle","status":"publish","type":"post","link":"http:\/\/www.atelieramsa.com\/blog\/vaisselle-professionnelle\/","title":{"rendered":"Quelle vaisselle professionnelle, fournisseur restauration personnalis\u00e9e ?"},"content":{"rendered":"<p>La vaisselle professionnelles r\u00e9pond \u00e0 certaines exigences de qualit\u00e9, de long\u00e9vit\u00e9 et de design. Pour trouver une vaisselle digne des professionnels il faudra vous orienter vers des sp\u00e9cialistes. Les services sont souvent blancs, de qualit\u00e9 haut de gamme et de qualit\u00e9 robustes dans le temps.<img loading=\"lazy\" class=\"alignleft size-full wp-image-269\" src=\"http:\/\/www.atelieramsa.com\/blog\/wp-content\/uploads\/2022\/01\/vaisselle-professionnelle.jpg\" alt=\"\" width=\"687\" height=\"1031\" srcset=\"http:\/\/www.atelieramsa.com\/blog\/wp-content\/uploads\/2022\/01\/vaisselle-professionnelle.jpg 687w, http:\/\/www.atelieramsa.com\/blog\/wp-content\/uploads\/2022\/01\/vaisselle-professionnelle-200x300.jpg 200w, http:\/\/www.atelieramsa.com\/blog\/wp-content\/uploads\/2022\/01\/vaisselle-professionnelle-682x1024.jpg 682w\" sizes=\"(max-width: 687px) 100vw, 687px\" \/><\/p>\n<h2>Fournisseur vaisselle professionnelle<\/h2>\n<p>Que recherchez vous ? assiettes, bols, tasse ou encore plats en tout genre et toute dimension. <!--more-->Saucier, soucoupes, ramequins, pot \u00e0 sauce ou encore contenant divers de toutes les formes. Ils sont ronds, carr\u00e9 octogonaux, rectangles, toutes les formes existent et se d\u00e9clinent \u00e0 l&rsquo;infini. Pourquoi ne pas choisir un service en forme de larme ou triangulaire pour changer de l&rsquo;ordinaire.<\/p>\n<h2>Fournisseur restauration professionnelle<\/h2>\n<p>Porcelaine, gr\u00e8s ou encore \u00e9mail ou c\u00e9ramique ce sont les mati\u00e8res les plus classiques qui sont recherch\u00e9es mais vous pouvez \u00e9galement trouver un large choix de vaisselle en acier, en m\u00e9lamine selon votre budget et les besoin que vous allez en faire. Et pensez bien que pour changer de la porcelaine vous pouvez toujours opter pour de la vaisselle en verre d&rsquo;opale, effet bluffant garanti.<\/p>\n<h2>Vaisselle professionnelle personnalis\u00e9e<\/h2>\n<p>En ce qui concerne le choix des tailles et des formes il existe de nombreux diam\u00e8tre qui peuvent se personnaliser selon vos envies et votre carte. La personnalisation de votre vaisselle est aussi une option que vous pourrez choisir aupr\u00e8s des professionnels les plus comp\u00e9tents en la mati\u00e8re.<\/p>\n<h2>Vaisselle professionnelle<\/h2>\n<p>Pour un usage personnel, en tant que g\u00e9rant de restaurant, vosu avez le soucis de la qualit\u00e9 professionnelle et des exigences qui sont attendues \u00e9galement par vos client que ce soit en service \u00e0 table ou en buffet. Du petit d\u00e9jeuner au d\u00e9jeuner en passant par le diner, vous saurez dresser une table magnifique en utilisant une vaisselle haut de gamme et de qualit\u00e9. Votre \u00e9tablissement n&rsquo;en sera que plus beau et vos clients content d&rsquo;un repas \u00e9l\u00e9gant et bien pr\u00e9sent\u00e9.<\/p>\n","protected":false},"excerpt":{"rendered":"<p>La vaisselle professionnelles r\u00e9pond \u00e0 certaines exigences de qualit\u00e9, de long\u00e9vit\u00e9 et de design. Pour trouver une vaisselle digne des professionnels il faudra vous orienter vers des sp\u00e9cialistes. Les services sont souvent blancs, de qualit\u00e9 haut de gamme et de qualit\u00e9 robustes dans le temps. Fournisseur vaisselle professionnelle Que recherchez vous ? assiettes, bols, tasse &hellip; <\/p>\n","protected":false},"author":2,"featured_media":269,"comment_status":"open","ping_status":"open","sticky":false,"template":"","format":"standard","meta":[],"categories":[10],"tags":[],"yoast_head":"<!-- This site is optimized with the Yoast SEO plugin v18.1 - https:\/\/yoast.com\/wordpress\/plugins\/seo\/ -->\n<title>Quelle vaisselle professionnelle, fournisseur restauration personnalis\u00e9e ?<\/title>\n<meta name=\"description\" content=\"Acheter chez un fournisseur vaisselle professionnelle restauration personnalis\u00e9e, vaisselle design pas cher pour professionels.\" \/>\n<meta name=\"robots\" content=\"index, follow, max-snippet:-1, max-image-preview:large, max-video-preview:-1\" \/>\n<link rel=\"canonical\" href=\"http:\/\/www.atelieramsa.com\/blog\/vaisselle-professionnelle\/\" \/>\n<meta property=\"og:locale\" content=\"fr_FR\" \/>\n<meta property=\"og:type\" content=\"article\" \/>\n<meta property=\"og:title\" content=\"Quelle vaisselle professionnelle, fournisseur restauration personnalis\u00e9e ?\" \/>\n<meta property=\"og:description\" content=\"Acheter chez un fournisseur vaisselle professionnelle restauration personnalis\u00e9e, vaisselle design pas cher pour professionels.\" \/>\n<meta property=\"og:url\" content=\"http:\/\/www.atelieramsa.com\/blog\/vaisselle-professionnelle\/\" \/>\n<meta property=\"og:site_name\" content=\"Atelier d&#039;Amsa :Webzine actualit\u00e9, informations et tendance du web\" \/>\n<meta property=\"article:published_time\" content=\"2022-01-11T21:17:17+00:00\" \/>\n<meta property=\"article:modified_time\" content=\"2022-03-07T21:29:25+00:00\" \/>\n<meta property=\"og:image\" content=\"http:\/\/www.atelieramsa.com\/blog\/wp-content\/uploads\/2022\/01\/vaisselle-professionnelle.jpg\" \/>\n\t<meta property=\"og:image:width\" content=\"687\" \/>\n\t<meta property=\"og:image:height\" content=\"1031\" \/>\n\t<meta property=\"og:image:type\" content=\"image\/jpeg\" \/>\n<meta name=\"twitter:label1\" content=\"\u00c9crit par\" \/>\n\t<meta name=\"twitter:data1\" content=\"Atelier Amsa\" \/>\n\t<meta name=\"twitter:label2\" content=\"Dur\u00e9e de lecture estim\u00e9e\" \/>\n\t<meta name=\"twitter:data2\" content=\"2 minutes\" \/>\n<script type=\"application\/ld+json\" class=\"yoast-schema-graph\">{\"@context\":\"https:\/\/schema.org\",\"@graph\":[{\"@type\":\"WebSite\",\"@id\":\"http:\/\/www.atelieramsa.com\/blog\/#website\",\"url\":\"http:\/\/www.atelieramsa.com\/blog\/\",\"name\":\"Atelier d&#039;Amsa :Webzine actualit\u00e9, informations et tendance du web\",\"description\":\"Blog consommation, actualit\u00e9, lifestyle, d\u00e9coration, loisir et shopping en ligne\",\"potentialAction\":[{\"@type\":\"SearchAction\",\"target\":{\"@type\":\"EntryPoint\",\"urlTemplate\":\"http:\/\/www.atelieramsa.com\/blog\/?s={search_term_string}\"},\"query-input\":\"required name=search_term_string\"}],\"inLanguage\":\"fr-FR\"},{\"@type\":\"ImageObject\",\"@id\":\"http:\/\/www.atelieramsa.com\/blog\/vaisselle-professionnelle\/#primaryimage\",\"inLanguage\":\"fr-FR\",\"url\":\"http:\/\/www.atelieramsa.com\/blog\/wp-content\/uploads\/2022\/01\/vaisselle-professionnelle.jpg\",\"contentUrl\":\"http:\/\/www.atelieramsa.com\/blog\/wp-content\/uploads\/2022\/01\/vaisselle-professionnelle.jpg\",\"width\":687,\"height\":1031},{\"@type\":\"WebPage\",\"@id\":\"http:\/\/www.atelieramsa.com\/blog\/vaisselle-professionnelle\/#webpage\",\"url\":\"http:\/\/www.atelieramsa.com\/blog\/vaisselle-professionnelle\/\",\"name\":\"Quelle vaisselle professionnelle, fournisseur restauration personnalis\u00e9e ?\",\"isPartOf\":{\"@id\":\"http:\/\/www.atelieramsa.com\/blog\/#website\"},\"primaryImageOfPage\":{\"@id\":\"http:\/\/www.atelieramsa.com\/blog\/vaisselle-professionnelle\/#primaryimage\"},\"datePublished\":\"2022-01-11T21:17:17+00:00\",\"dateModified\":\"2022-03-07T21:29:25+00:00\",\"author\":{\"@id\":\"http:\/\/www.atelieramsa.com\/blog\/#\/schema\/person\/c80eeba14295eaf79feb65ca5e16dfcd\"},\"description\":\"Acheter chez un fournisseur vaisselle professionnelle restauration personnalis\u00e9e, vaisselle design pas cher pour professionels.\",\"breadcrumb\":{\"@id\":\"http:\/\/www.atelieramsa.com\/blog\/vaisselle-professionnelle\/#breadcrumb\"},\"inLanguage\":\"fr-FR\",\"potentialAction\":[{\"@type\":\"ReadAction\",\"target\":[\"http:\/\/www.atelieramsa.com\/blog\/vaisselle-professionnelle\/\"]}]},{\"@type\":\"BreadcrumbList\",\"@id\":\"http:\/\/www.atelieramsa.com\/blog\/vaisselle-professionnelle\/#breadcrumb\",\"itemListElement\":[{\"@type\":\"ListItem\",\"position\":1,\"name\":\"Quelle vaisselle professionnelle, fournisseur restauration personnalis\u00e9e ?\"}]},{\"@type\":\"Person\",\"@id\":\"http:\/\/www.atelieramsa.com\/blog\/#\/schema\/person\/c80eeba14295eaf79feb65ca5e16dfcd\",\"name\":\"Atelier Amsa\",\"image\":{\"@type\":\"ImageObject\",\"@id\":\"http:\/\/www.atelieramsa.com\/blog\/#personlogo\",\"inLanguage\":\"fr-FR\",\"url\":\"http:\/\/0.gravatar.com\/avatar\/f2068ff55a045763dea8f3ba797c9234?s=96&d=mm&r=g\",\"contentUrl\":\"http:\/\/0.gravatar.com\/avatar\/f2068ff55a045763dea8f3ba797c9234?s=96&d=mm&r=g\",\"caption\":\"Atelier Amsa\"},\"url\":\"http:\/\/www.atelieramsa.com\/blog\/author\/admin\/\"}]}<\/script>\n<!-- \/ Yoast SEO plugin. -->","yoast_head_json":{"title":"Quelle vaisselle professionnelle, fournisseur restauration personnalis\u00e9e ?","description":"Acheter chez un fournisseur vaisselle professionnelle restauration personnalis\u00e9e, vaisselle design pas cher pour professionels.","robots":{"index":"index","follow":"follow","max-snippet":"max-snippet:-1","max-image-preview":"max-image-preview:large","max-video-preview":"max-video-preview:-1"},"canonical":"http:\/\/www.atelieramsa.com\/blog\/vaisselle-professionnelle\/","og_locale":"fr_FR","og_type":"article","og_title":"Quelle vaisselle professionnelle, fournisseur restauration personnalis\u00e9e ?","og_description":"Acheter chez un fournisseur vaisselle professionnelle restauration personnalis\u00e9e, vaisselle design pas cher pour professionels.","og_url":"http:\/\/www.atelieramsa.com\/blog\/vaisselle-professionnelle\/","og_site_name":"Atelier d&#039;Amsa :Webzine actualit\u00e9, informations et tendance du web","article_published_time":"2022-01-11T21:17:17+00:00","article_modified_time":"2022-03-07T21:29:25+00:00","og_image":[{"width":687,"height":1031,"url":"http:\/\/www.atelieramsa.com\/blog\/wp-content\/uploads\/2022\/01\/vaisselle-professionnelle.jpg","type":"image\/jpeg"}],"twitter_misc":{"\u00c9crit par":"Atelier Amsa","Dur\u00e9e de lecture estim\u00e9e":"2 minutes"},"schema":{"@context":"https:\/\/schema.org","@graph":[{"@type":"WebSite","@id":"http:\/\/www.atelieramsa.com\/blog\/#website","url":"http:\/\/www.atelieramsa.com\/blog\/","name":"Atelier d&#039;Amsa :Webzine actualit\u00e9, informations et tendance du web","description":"Blog consommation, actualit\u00e9, lifestyle, d\u00e9coration, loisir et shopping en ligne","potentialAction":[{"@type":"SearchAction","target":{"@type":"EntryPoint","urlTemplate":"http:\/\/www.atelieramsa.com\/blog\/?s={search_term_string}"},"query-input":"required name=search_term_string"}],"inLanguage":"fr-FR"},{"@type":"ImageObject","@id":"http:\/\/www.atelieramsa.com\/blog\/vaisselle-professionnelle\/#primaryimage","inLanguage":"fr-FR","url":"http:\/\/www.atelieramsa.com\/blog\/wp-content\/uploads\/2022\/01\/vaisselle-professionnelle.jpg","contentUrl":"http:\/\/www.atelieramsa.com\/blog\/wp-content\/uploads\/2022\/01\/vaisselle-professionnelle.jpg","width":687,"height":1031},{"@type":"WebPage","@id":"http:\/\/www.atelieramsa.com\/blog\/vaisselle-professionnelle\/#webpage","url":"http:\/\/www.atelieramsa.com\/blog\/vaisselle-professionnelle\/","name":"Quelle vaisselle professionnelle, fournisseur restauration personnalis\u00e9e ?","isPartOf":{"@id":"http:\/\/www.atelieramsa.com\/blog\/#website"},"primaryImageOfPage":{"@id":"http:\/\/www.atelieramsa.com\/blog\/vaisselle-professionnelle\/#primaryimage"},"datePublished":"2022-01-11T21:17:17+00:00","dateModified":"2022-03-07T21:29:25+00:00","author":{"@id":"http:\/\/www.atelieramsa.com\/blog\/#\/schema\/person\/c80eeba14295eaf79feb65ca5e16dfcd"},"description":"Acheter chez un fournisseur vaisselle professionnelle restauration personnalis\u00e9e, vaisselle design pas cher pour professionels.","breadcrumb":{"@id":"http:\/\/www.atelieramsa.com\/blog\/vaisselle-professionnelle\/#breadcrumb"},"inLanguage":"fr-FR","potentialAction":[{"@type":"ReadAction","target":["http:\/\/www.atelieramsa.com\/blog\/vaisselle-professionnelle\/"]}]},{"@type":"BreadcrumbList","@id":"http:\/\/www.atelieramsa.com\/blog\/vaisselle-professionnelle\/#breadcrumb","itemListElement":[{"@type":"ListItem","position":1,"name":"Quelle vaisselle professionnelle, fournisseur restauration personnalis\u00e9e ?"}]},{"@type":"Person","@id":"http:\/\/www.atelieramsa.com\/blog\/#\/schema\/person\/c80eeba14295eaf79feb65ca5e16dfcd","name":"Atelier Amsa","image":{"@type":"ImageObject","@id":"http:\/\/www.atelieramsa.com\/blog\/#personlogo","inLanguage":"fr-FR","url":"http:\/\/0.gravatar.com\/avatar\/f2068ff55a045763dea8f3ba797c9234?s=96&d=mm&r=g","contentUrl":"http:\/\/0.gravatar.com\/avatar\/f2068ff55a045763dea8f3ba797c9234?s=96&d=mm&r=g","caption":"Atelier Amsa"},"url":"http:\/\/www.atelieramsa.com\/blog\/author\/admin\/"}]}},"_links":{"self":[{"href":"http:\/\/www.atelieramsa.com\/blog\/wp-json\/wp\/v2\/posts\/266"}],"collection":[{"href":"http:\/\/www.atelieramsa.com\/blog\/wp-json\/wp\/v2\/posts"}],"about":[{"href":"http:\/\/www.atelieramsa.com\/blog\/wp-json\/wp\/v2\/types\/post"}],"author":[{"embeddable":true,"href":"http:\/\/www.atelieramsa.com\/blog\/wp-json\/wp\/v2\/users\/2"}],"replies":[{"embeddable":true,"href":"http:\/\/www.atelieramsa.com\/blog\/wp-json\/wp\/v2\/comments?post=266"}],"version-history":[{"count":6,"href":"http:\/\/www.atelieramsa.com\/blog\/wp-json\/wp\/v2\/posts\/266\/revisions"}],"predecessor-version":[{"id":330,"href":"http:\/\/www.atelieramsa.com\/blog\/wp-json\/wp\/v2\/posts\/266\/revisions\/330"}],"wp:featuredmedia":[{"embeddable":true,"href":"http:\/\/www.atelieramsa.com\/blog\/wp-json\/wp\/v2\/media\/269"}],"wp:attachment":[{"href":"http:\/\/www.atelieramsa.com\/blog\/wp-json\/wp\/v2\/media?parent=266"}],"wp:term":[{"taxonomy":"category","embeddable":true,"href":"http:\/\/www.atelieramsa.com\/blog\/wp-json\/wp\/v2\/categories?post=266"},{"taxonomy":"post_tag","embeddable":true,"href":"http:\/\/www.atelieramsa.com\/blog\/wp-json\/wp\/v2\/tags?post=266"}],"curies":[{"name":"wp","href":"https:\/\/api.w.org\/{rel}","templated":true}]}}